{"id":2611,"date":"2021-07-27T14:12:06","date_gmt":"2021-07-27T14:12:06","guid":{"rendered":"https:\/\/www.audacia.co\/?p=2611"},"modified":"2022-10-31T12:31:37","modified_gmt":"2022-10-31T12:31:37","slug":"4-aspects-a-prendre-en-compte-pour-creer-une-salle-de-podcast-audio-video","status":"publish","type":"post","link":"https:\/\/www.audacia.co\/fr\/blog\/4-aspects-a-prendre-en-compte-pour-creer-une-salle-de-podcast-audio-video\/","title":{"rendered":"Les 4 aspects \u00e0 prendre en compte pour cr\u00e9er la salle de podcast parfaite"},"content":{"rendered":"<p>&nbsp;<\/p>\n<p>&nbsp;<\/p>\n<p style=\"text-align: left;\">Il y a environ un mois, Anne, responsable marketing chez Audacia Group, m&rsquo;a demand\u00e9 de mettre en place une salle pour la cha\u00eene <span style=\"text-decoration: underline;\"><span style=\"color: #3a1def; text-decoration: underline;\"><a style=\"color: #3a1def; text-decoration: underline;\" href=\"https:\/\/www.youtube.com\/channel\/UChJ1W5T__cUmoj50C4489yA\/featured\" target=\"_blank\" rel=\"noopener\">B.O.L.D d&rsquo;Audacia<\/a><\/span><\/span>. Suite \u00e0 cette demande, mes premi\u00e8res pens\u00e9es variaient entre \u00abje n&rsquo;ai jamais fait \u00e7a\u00bb et \u00abbon sang, tant d&rsquo;attentes\u00bb. Et c&rsquo;est pour \u00e7a que j&rsquo;ai dit oui, naturellement. Je veux dire, \u00e0 cette \u00e9poque, je n&rsquo;avais pas fini mes trois mois d&rsquo;essai&#8230; ce n&rsquo;\u00e9tait donc pas le moment de d\u00e9cevoir ! Mon premier r\u00e9flexe a \u00e9t\u00e9 de parcourir internet en qu\u00eate de solutions adapt\u00e9es aux podcasts. Comme j&rsquo;aime le dire: n&rsquo;ayez crainte, Google est l\u00e0! Et, en effet, mon ami internet ne m&rsquo;a pas d\u00e9\u00e7u.<br \/>\nDans cet article, vous trouverez donc une agglom\u00e9ration de tous les conseils que j&rsquo;ai accumul\u00e9s ainsi que mes recommandations quant aux outils afin de mettre en place votre salle podcast audio et vid\u00e9o. \u00c0 mon avis, il y a 4 \u00e9l\u00e9ments essentiels \u00e0 prendre en compte au pr\u00e9alable:<\/p>\n<p style=\"text-align: center;\"><strong>1. L&rsquo;ambiance d\u00e9sir\u00e9e<\/strong><br \/>\n<strong>2. L&rsquo;audio<\/strong><br \/>\n<strong>3. La vid\u00e9o<\/strong><br \/>\n<strong>4. La technologie qui relie le tout<\/strong><\/p>\n<p style=\"text-align: left;\">Pr\u00eat \u00e0 d\u00e9marrer? C&rsquo;est parti!<\/p>\n<h2 style=\"text-align: justify;\">1. L\u2019ambiance d\u00e9sir\u00e9e<\/h2>\n<p style=\"text-align: justify;\">Cela peut vous para\u00eetre \u00e9vident, mais en ayant des podcasts imag\u00e9s, cela veut dire que non seulement vous devez faire plaisir aux oreilles mais \u00e9galement plaisir aux yeux. Une configuration professionnelle ainsi qu&rsquo;un beau d\u00e9cor contribueront grandement \u00e0 la r\u00e9tention de votre audimat. Je ne parle pas de rouge \u00e0 l\u00e8vres, de costards et de robes mais bien s\u00fbr de vos meubles, de la propret\u00e9 de votre bureau et peut-\u00eatre de votre logo en arri\u00e8re-plan. Montrez \u00e0 votre audience que vous \u00eates un professionnel qui se donne.<br \/>\nIl y a trois types de formats podcast pour lesquels vous pouvez opter en fonction de vos moyens et de vos besoins: <strong>le format radio, le format t\u00e9l\u00e9 ou celui en cercle.<\/strong><\/p>\n<h3 style=\"text-align: justify;\">Le format radio<\/h3>\n<p style=\"text-align: justify;\">Voici, \u00e0 mon avis, la fa\u00e7on la plus traditionnelle de mettre en place sa salle de podcast. Une grande table, de grands microphones et de grands casques d&rsquo;\u00e9coute: cette configuration transpire la qualit\u00e9 et le confort pour les invit\u00e9s.<\/p>\n<p style=\"text-align: justify;\"><span style=\"text-decoration: underline;\">Avantages<\/span>:<\/p>\n<p>&#8211; Tr\u00e8s bonne qualit\u00e9 de microphones<\/p>\n<p>&#8211; Les invit\u00e9s timides se sentiront moins \u00e0 d\u00e9couvert et donc plus \u00e0 l&rsquo;aise<\/p>\n<p><span style=\"text-decoration: underline;\">Inconv\u00e9nients<\/span>:<\/p>\n<p>&#8211; Moins stimulant visuellement<\/p>\n<h3>Le format t\u00e9l\u00e9<\/h3>\n<p>\u00c0 l\u2019image des talk-show am\u00e9ricains, le format t\u00e9l\u00e9 est la solution parfaite si vous d\u00e9sirez une configuration qui permet de faire ressortir de la qualit\u00e9 et du professionnalisme. Le principal d\u00e9savantage de cette configuration, en comparaison avec le format radio, est que l&rsquo;h\u00f4te et les invit\u00e9s n&rsquo;ont pas de casque. Aussi, l&rsquo;utilisation de grands microphones ne semble pas naturelle dans ce format.<\/p>\n<p style=\"text-align: justify;\"><span style=\"text-decoration: underline;\">Avantages<\/span>:<\/p>\n<p>&#8211; Tr\u00e8s int\u00e9ressant et stimulant visuellement<\/p>\n<p>&#8211; Vous donne l&rsquo;opportunit\u00e9 de cr\u00e9er des capsules vid\u00e9os dynamiques pour vos r\u00e9seaux sociaux (Instagram, TikTok etc&#8230;)<\/p>\n<p style=\"text-align: justify;\"><span style=\"text-decoration: underline;\">Inconv\u00e9nients<\/span>:<\/p>\n<p>&#8211; Pas de casque<\/p>\n<p>&#8211; Une qualit\u00e9 audio l\u00e9g\u00e8rement inf\u00e9rieure<\/p>\n<p>&#8211; Les invit\u00e9s timides peuvent se sentir \u00e0 d\u00e9couvert<\/p>\n<p><img loading=\"lazy\" decoding=\"async\" class=\"aligncenter wp-image-2593 size-full\" src=\"https:\/\/www.audacia.co\/wp-content\/uploads\/2021\/07\/tv-format.jpg\" alt=\"podcast-tv-format\" width=\"2048\" height=\"1365\" srcset=\"https:\/\/www.audacia.co\/wp-content\/uploads\/2021\/07\/tv-format.jpg 2048w, https:\/\/www.audacia.co\/wp-content\/uploads\/2021\/07\/tv-format-300x200.jpg 300w, https:\/\/www.audacia.co\/wp-content\/uploads\/2021\/07\/tv-format-1024x683.jpg 1024w, https:\/\/www.audacia.co\/wp-content\/uploads\/2021\/07\/tv-format-768x512.jpg 768w, https:\/\/www.audacia.co\/wp-content\/uploads\/2021\/07\/tv-format-1536x1024.jpg 1536w, https:\/\/www.audacia.co\/wp-content\/uploads\/2021\/07\/tv-format-1620x1080.jpg 1620w\" sizes=\"auto, (max-width: 2048px) 100vw, 2048px\" \/><\/p>\n<h3 style=\"text-align: justify;\">Le format en cercle<\/h3>\n<p style=\"text-align: justify;\">Si vous avez r\u00e9guli\u00e8rement plus de trois personnes dans votre \u00e9mission, le format en cercle est la solution id\u00e9ale. Les r\u00e9unions se passent en cercle pour une raison bien pr\u00e9cise: montrer aux participants qu&rsquo;ils sont \u00e9gaux et qu&rsquo;ils peuvent partager leurs opinions s&rsquo;ils le d\u00e9sirent.<\/p>\n<p style=\"text-align: justify;\"><span style=\"text-decoration: underline;\">Avantages<\/span>:<\/p>\n<p>&#8211; Id\u00e9al pour cr\u00e9er des interactions dynamiques<\/p>\n<p>&#8211; Tr\u00e8s bonne qualit\u00e9 audio<\/p>\n<p style=\"text-align: justify;\"><span style=\"text-decoration: underline;\">D\u00e9savantages<\/span>:<\/p>\n<p>&#8211; Fonctionne uniquement s&rsquo;il y a 4 personnes ou plus<\/p>\n<h3 style=\"text-align: justify;\">Que choisir au final?<\/h3>\n<p style=\"text-align: justify;\">En fin de compte, le format que vous choisissez vous appartient. C&rsquo;est vous qui d\u00e9cidez comment vous voulez afficher votre marque. Cependant, gardez en t\u00eate que l&rsquo;ambiance pour laquelle vous allez opter d\u00e9terminera les outils que vous devez acqu\u00e9rir.<br \/>\nPour la cha\u00eene B.O.L.D d&rsquo;Audacia, nous avons choisi le format t\u00e9l\u00e9. En effet, nous souhaitons \u00e9galement extraire du contenu de nos \u00e9pisodes afin de cr\u00e9er de courtes capsules vid\u00e9o pour appuyer les moments-cl\u00e9s du podcast.<\/p>\n<h2 style=\"text-align: justify;\">2. L\u2019audio<\/h2>\n<p style=\"text-align: justify;\">\u00c0 la base, un podcast est un support audio. Ainsi, la qualit\u00e9 du son de votre podcast est fondamentale. Nous vous recommandons donc d&rsquo;investir dans le meilleur microphone que permet votre budget. Votre audience vous en remerciera!<\/p>\n<h3 style=\"text-align: justify;\">Recommandations de microphones<\/h3>\n<p style=\"text-align: justify;\">Nous savons bien que les temps sont durs et que vous ne disposez s\u00fbrement pas d&rsquo;un budget illimit\u00e9. Mais n&rsquo;ayez crainte! Il est enti\u00e8rement possible d&rsquo;acheter un microphone de qualit\u00e9 sans devoir hypoth\u00e9quer votre maison.<br \/>\nPour nos recommandations, voici trois microphones avec c\u00e2ble et trois microphones sans fil. Comme indiqu\u00e9 pr\u00e9c\u00e9demment, les microphones sans fil prennent moins de place et lib\u00e8rent ainsi les angles de vue de vos cam\u00e9ras. Bon \u00e0 savoir: tous les microphones list\u00e9s ci-dessous peuvent \u00eatre achet\u00e9s en ligne en Suisse!<\/p>\n<p style=\"text-align: justify;\"><strong>Microphones (avec c\u00e2ble)<\/strong><br \/>\n$ : <span style=\"text-decoration: underline;\"><span style=\"color: #3a1def; text-decoration: underline;\"><a style=\"color: #3a1def; text-decoration: underline;\" href=\"https:\/\/www.digitec.ch\/fr\/s1\/product\/samson-c01-allround-micros-7951941\" target=\"_blank\" rel=\"nofollow noopener\">Samson C01<\/a><\/span><\/span> (68.30 frs)<br \/>\n$$ : <span style=\"text-decoration: underline;\"><span style=\"color: #3a1def; text-decoration: underline;\"><a style=\"color: #3a1def; text-decoration: underline;\" href=\"https:\/\/www.digitec.ch\/fr\/s1\/product\/audio-technica-atr2100x-en-direct-baladodiffusion-micros-13749604\" target=\"_blank\" rel=\"nofollow noopener\">Audio-Technica ATR2100x<\/a><\/span><\/span> (102 frs)<br \/>\n$$$ : <span style=\"text-decoration: underline;\"><span style=\"color: #3a1def; text-decoration: underline;\"><a style=\"color: #3a1def; text-decoration: underline;\" href=\"https:\/\/www.digitec.ch\/de\/s1\/product\/rde-procaster-broadcast-mikrofon-5630964\" target=\"_blank\" rel=\"nofollow noopener\">Rode Procaster<\/a><\/span><\/span> (175 frs)<\/p>\n<p style=\"text-align: justify;\"><strong>Microphones (sans fil)<\/strong><br \/>\n$ : <span style=\"text-decoration: underline;\"><span style=\"color: #3a1def; text-decoration: underline;\"><a style=\"color: #3a1def; text-decoration: underline;\" href=\"https:\/\/www.digitec.ch\/de\/s1\/product\/rde-procaster-broadcast-mikrofon-5630964\" target=\"_blank\" rel=\"nofollow noopener\">RODE Lavalier Go<\/a><\/span><\/span> (59 frs)<br \/>\n$$ : <span style=\"text-decoration: underline;\"><a href=\"https:\/\/www.digitec.ch\/fr\/s1\/product\/samson-allez-mic-lavalier-karaoke-micros-7041986\" target=\"_blank\" rel=\"nofollow noopener\">Samson Allez Mic Lavalier<\/a><\/span> (246 frs)<br \/>\n$$$ : <span style=\"text-decoration: underline;\"><span style=\"color: #3a1def; text-decoration: underline;\"><a style=\"color: #3a1def; text-decoration: underline;\" href=\"https:\/\/www.digitec.ch\/fr\/s1\/product\/samson-allez-mic-lavalier-karaoke-micros-7041986\" target=\"_blank\" rel=\"nofollow noopener\">RODE Filmmaker Kit<\/a><\/span><\/span> (319 frs)<\/p>\n<p><img loading=\"lazy\" decoding=\"async\" class=\"aligncenter wp-image-2600 size-full\" src=\"https:\/\/www.audacia.co\/wp-content\/uploads\/2021\/07\/mic-stand-rode.jpg\" alt=\"micro-rode-procaster-podcast\" width=\"1300\" height=\"975\" srcset=\"https:\/\/www.audacia.co\/wp-content\/uploads\/2021\/07\/mic-stand-rode.jpg 1300w, https:\/\/www.audacia.co\/wp-content\/uploads\/2021\/07\/mic-stand-rode-300x225.jpg 300w, https:\/\/www.audacia.co\/wp-content\/uploads\/2021\/07\/mic-stand-rode-1024x768.jpg 1024w, https:\/\/www.audacia.co\/wp-content\/uploads\/2021\/07\/mic-stand-rode-768x576.jpg 768w\" sizes=\"auto, (max-width: 1300px) 100vw, 1300px\" \/><\/p>\n<h3 style=\"text-align: justify;\">Comment enregistrer le son<\/h3>\n<p style=\"text-align: justify;\">Maintenant que vous avez un microphone, vous pouvez commencer \u00e0 enregistrer, pas vrai? Pas encore! Un microphone, dans la plupart des cas, ne peut pas enregistrer tout seul. Pour ce faire, il vous faut quelque chose en plus: une interface qui convertit le signal audio en quelque chose que votre ordinateur peut interpr\u00e9ter. Vous avez donc besoin d&rsquo;une interface audio!<\/p>\n<p style=\"text-align: justify;\">Une interface audio est un \u00abpont\u00bb entre votre microphone et votre ordinateur. Afin de choisir celui qui r\u00e9pondra \u00e0 vos besoins, vous devez d\u00e9terminer :<\/p>\n<p>&#8211; Si votre ordinateur est compatible avec l&rsquo;interface<\/p>\n<p>&#8211; Combien de microphones vous voulez utiliser simultan\u00e9ment<\/p>\n<p>&#8211; Comment allez-vous brancher vos appareils (USB? USB-C?)<\/p>\n<p style=\"text-align: justify;\">Avec ces principes en t\u00eate, nous consid\u00e9rons qu&rsquo;il existe deux interfaces audio qui se d\u00e9marquent sur le march\u00e9:<\/p>\n<p style=\"text-align: justify;\"><span style=\"text-decoration: underline;\"><span style=\"color: #3a1def; text-decoration: underline;\"><a style=\"color: #3a1def; text-decoration: underline;\" href=\"https:\/\/www.digitec.ch\/fr\/s1\/product\/focusrite-scarlett-2i2-3eme-gene-usb-interfaces-audio-11272770\" target=\"_blank\" rel=\"nofollow noopener\"><strong>Focusrite Scarlett 2i2 ($)<\/strong><\/a><\/span><\/span><\/p>\n<p style=\"text-align: justify;\">Le Focusrite Scarlett 2i2 est la solution id\u00e9ale si vous avez besoin d&rsquo;une configuration bon march\u00e9 mais qualitative. Avec deux ports XLR et un port USB, vous pouvez ais\u00e9ment brancher deux microphones sur votre ordinateur. Le d\u00e9savantage de ce syst\u00e8me est justement que vous \u00eates limit\u00e9s \u00e0 deux microphones, et donc un invit\u00e9 et un h\u00f4te. Mais quand on regarde le prix (161 CHF), l\u2019inconv\u00e9nient est vite oubli\u00e9.<br \/>\nIl faut \u00e9galement savoir qu&rsquo;avec le Scarlett 2i2, vous ne pouvez pas contr\u00f4ler individuellement le volume de chaque microphone. Pour cela, il vous faut une autre application. La gestion du volume de la voix des participants est en effet importante car l\u2019intensit\u00e9 n\u2019est pas la m\u00eame chez tout le monde.<\/p>\n<p style=\"text-align: justify;\"><span style=\"text-decoration: underline;\"><span style=\"color: #3a1def; text-decoration: underline;\"><a style=\"color: #3a1def; text-decoration: underline;\" href=\"https:\/\/www.digitec.ch\/fr\/s1\/product\/focusrite-scarlett-2i2-3eme-gene-usb-interfaces-audio-11272770\" target=\"_blank\" rel=\"nofollow noopener\"><strong>Rode RODECaster Pro ($$$)<\/strong><\/a><\/span><\/span><\/p>\n<p style=\"text-align: justify;\">Le Rode RODECaster Pro est l&rsquo;interface ultime. Avec quatre ports XLR, des touches \u00abmute\u00bb, des contr\u00f4les de volume et des touches configurables, la qualit\u00e9 de votre podcast sera grandement am\u00e9lior\u00e9e gr\u00e2ce \u00e0 cet outil. C&rsquo;est pour cela que nous l&rsquo;avons choisi. Cependant, son prix est plut\u00f4t \u00e9lev\u00e9 (539 CHF) mais nous estimons que la flexibilit\u00e9 offerte par le RODECaster m\u00e9rite vraiment cet investissement!<\/p>\n<p><img loading=\"lazy\" decoding=\"async\" class=\"aligncenter wp-image-2597 size-full\" src=\"https:\/\/www.audacia.co\/wp-content\/uploads\/2021\/07\/rodecaster-pro.png\" alt=\"rodecaster-pro-rode-podcast\" width=\"630\" height=\"426\" srcset=\"https:\/\/www.audacia.co\/wp-content\/uploads\/2021\/07\/rodecaster-pro.png 630w, https:\/\/www.audacia.co\/wp-content\/uploads\/2021\/07\/rodecaster-pro-300x203.png 300w\" sizes=\"auto, (max-width: 630px) 100vw, 630px\" \/><\/p>\n<h3 style=\"text-align: justify;\">\u00c0 prendre en consid\u00e9ration<\/h3>\n<p style=\"text-align: justify;\">Si vous choisissez un microphone avec c\u00e2ble, n&rsquo;oubliez pas d&rsquo;acheter un socle. Cela lib\u00e9rera vos mains et donnera une image plus int\u00e9ressante. De plus, n&rsquo;oubliez pas que la position du microphone est essentielle dans un podcast qualitatif. Rappelez \u00e0 vos invit\u00e9s de parler directement dans le microphone! Dans le cas des micros-cravates, v\u00e9rifiez que le microphone ne touche pas la chemise de votre invit\u00e9. Si le textile se frotte au microphone, vous allez l&rsquo;entendre.<\/p>\n<h2 style=\"text-align: justify;\">3. La vid\u00e9o<\/h2>\n<p style=\"text-align: justify;\">Bien! Votre salle podcast est mise en place, vous avez de bons microphones, une interface audio et vous pouvez inviter des guests. \u00c0 ce stade, vous pouvez ainsi enregistrer des podcasts et les publier sur des plateformes comme Spotify. Bravo! Mais comment aller plus loin?<\/p>\n<p style=\"text-align: justify;\">Avec la vid\u00e9o bien \u00e9videmment! En effet, en filmant vos podcasts, vous pourrez ainsi publier votre contenu sur plusieurs plateformes: Facebook, Youtube, Instagram, TikTok\u2026 le monde est \u00e0 votre port\u00e9e.<\/p>\n<p style=\"text-align: justify;\">Dans cette section, je vais vous recommander diff\u00e9rents types de cam\u00e9ras vis-\u00e0-vis de votre budget. Voici les aspects essentiels \u00e0 prendre en compte en choisissant votre appareil:<\/p>\n<p>&#8211; Est-ce que mon appareil a une sortie HDMI\/HDMI-Mini qui me permet de le brancher \u00e0 mon ordinateur?<\/p>\n<p>&#8211; Est-ce que je peux brancher mon appareil \u00e0 une prise murale me permettant de filmer pour une dur\u00e9e ind\u00e9termin\u00e9e?<\/p>\n<p>&#8211; Est-ce que mon appareil peut filmer l\u2019ensemble des participants?<\/p>\n<h3 style=\"text-align: justify;\">Recommandations de cam\u00e9ras<\/h3>\n<p style=\"text-align: justify;\"><span style=\"text-decoration: underline;\"><span style=\"color: #3a1def; text-decoration: underline;\"><a style=\"color: #3a1def; text-decoration: underline;\" href=\"https:\/\/www.digitec.ch\/fr\/s1\/product\/focusrite-scarlett-2i2-3eme-gene-usb-interfaces-audio-11272770\" target=\"_blank\" rel=\"nofollow noopener\"><strong>Logitech Brio Stream ($)<\/strong><\/a><\/span><\/span><br \/>\nL\u2019option la plus abordable. La Logitech Brio Stream est une cam\u00e9ra tr\u00e8s simple qui peut \u00eatre directement branch\u00e9e \u00e0 votre ordinateur. \u00c9galement facile \u00e0 configurer, peu co\u00fbteuse et pas trop encombrante, c\u2019est la solution id\u00e9ale pour une installation rapide et fonctionnelle.<\/p>\n<p style=\"text-align: justify;\"><span style=\"text-decoration: underline;\"><span style=\"color: #3a1def; text-decoration: underline;\"><a style=\"color: #3a1def; text-decoration: underline;\" href=\"https:\/\/www.digitec.ch\/de\/s1\/product\/gopro-hero-9-black-60p-5k-actioncam-13797506\" target=\"_blank\" rel=\"nofollow noopener\"><strong>GoPro Hero 9 ($$)<\/strong><\/a><\/span><\/span><br \/>\nQui n\u2019a jamais entendu parler de GoPro? Ces petits appareils offrent une excellente qualit\u00e9 vid\u00e9o, restent discrets et peuvent \u00eatre plac\u00e9s pratiquement partout, ce qui vous donne la possibilit\u00e9 de filmer via des angles \u00e9tonnants. Gr\u00e2ce \u00e0 une incroyable communaut\u00e9 et de nombreux ajouts, la GoPro est une excellente solution pour ceux qui souhaitent une configuration plus flexible.<\/p>\n<p style=\"text-align: justify;\"><span style=\"text-decoration: underline;\"><span style=\"color: #3a1def; text-decoration: underline;\"><a style=\"color: #3a1def; text-decoration: underline;\" href=\"https:\/\/www.digitec.ch\/de\/s1\/product\/canon-eos-250d-kit-18-55mm-2410mpx-aps-c-dx-kamera-10990256\" target=\"_blank\" rel=\"nofollow noopener\"><strong>Canon EOS 250D ($$$)<\/strong><\/a><\/span><\/span><br \/>\nPour les budgets moins restreints, je vous recommande d\u2019opter pour une cam\u00e9ra \u00e0 objectifs interchangeables. Cela vous permet de filmer avec une grande vari\u00e9t\u00e9 d\u2019angles et vous offre la meilleure qualit\u00e9 d\u2019image possible. La Canon EOS 250D est l\u2019une des options les plus abordables propos\u00e9es par la marque, ce qui fait de l\u2019appareil une bonne pioche si vous \u00eates dispos\u00e9s \u00e0 utiliser ce type de cam\u00e9ra.<br \/>\nMais attention: utiliser un <span style=\"text-decoration: underline;\"><span style=\"color: #3a1def; text-decoration: underline;\"><a style=\"color: #3a1def; text-decoration: underline;\" href=\"https:\/\/en.wikipedia.org\/wiki\/Reflex_camera\" target=\"_blank\" rel=\"nofollow noopener\">appareil r\u00e9flexe<\/a><\/span><\/span> est plus compliqu\u00e9 que d\u2019utiliser une webcam ou une GoPro. Si vous pr\u00e9voyez d\u2019utiliser ce type de cam\u00e9ra, assurez-vous de suivre des tutoriels et de vous entra\u00eener au pr\u00e9alable!<\/p>\n<h3 style=\"text-align: justify;\">\u00c0 prendre en consid\u00e9ration<\/h3>\n<p style=\"text-align: justify;\">Comme \u00e9nonc\u00e9 au d\u00e9but de cette section, vous devez vous assurer que votre cam\u00e9ra puisse filmer tout en \u00e9tant branch\u00e9e \u00e0 une prise murale. Beaucoup de cam\u00e9ras ne peuvent pas filmer plus de 20-30 minutes sans que la batterie se vide, ce qui n\u2019est pas id\u00e9al si vous \u00eates \u00e0 la moiti\u00e9 d\u2019un enregistrement. Pour la Canon EOS250D, vous pouvez acheter un adaptateur \u00e9lectrique <span style=\"text-decoration: underline;\"><span style=\"color: #3a1def; text-decoration: underline;\"><a style=\"color: #3a1def; text-decoration: underline;\" href=\"https:\/\/www.fotichaestli.ch\/netzteil-mit-passendem-dummy-fuer-den-canon-lp-e17-akku\/?sPartner=g_shopping&amp;gclid=Cj0KCQjwwLKFBhDPARIsAPzPi-LOQh2kvZ4axHsV5qvuWO-At182mLBnIUmpmPpz7FvQEp_jdIaOA0waApiZEALw_wcB\" target=\"_blank\" rel=\"nofollow noopener\">ici<\/a><\/span><\/span>.<\/p>\n<p style=\"text-align: justify;\">Aussi, assurez-vous d\u2019avoir le bon c\u00e2ble afin de connecter votre appareil \u00e0 votre ordinateur. Pour le Canon EOS 250D, nous utilisons un mini c\u00e2ble HDMI \u00e0 HDMI qui peut \u00eatre achet\u00e9 <span style=\"text-decoration: underline;\"><span style=\"color: #3a1def; text-decoration: underline;\"><a style=\"color: #3a1def; text-decoration: underline;\" href=\"https:\/\/www.digitec.ch\/de\/s1\/product\/purelink-pureinstall-mini-hdmi-hdmi-1m-hdmi-video-kabel-5747781\" target=\"_blank\" rel=\"nofollow noopener\">ici<\/a><\/span><\/span>.<\/p>\n<p style=\"text-align: justify;\">Finalement, pensez \u00e0 l\u2019\u00e9clairage de votre espace. Essayez d\u2019abord de le filmer avec votre smartphone avant d\u2019acheter vos cam\u00e9ras. Si vous pensez que l\u2019image n\u2019est pas assez lumineuse, soyez libre d\u2019ajouter un \u00e9clairage externe, id\u00e9alement un <span style=\"text-decoration: underline;\"><span style=\"color: #3a1def; text-decoration: underline;\"><a style=\"color: #3a1def; text-decoration: underline;\" href=\"https:\/\/en.wikipedia.org\/wiki\/Softbox\" target=\"_blank\" rel=\"nofollow noopener\">r\u00e9flecteur<\/a><\/span><\/span> comme le <span style=\"text-decoration: underline;\"><span style=\"color: #3a1def; text-decoration: underline;\"><a style=\"color: #3a1def; text-decoration: underline;\" href=\"https:\/\/www.digitec.ch\/de\/s1\/product\/walimex-daylight-250-dauerlicht-mit-softbox-stativ-duo-kit-studioleuchte-dauerlicht-7028788?supplier=3045767\" target=\"_blank\" rel=\"nofollow noopener\">Walimex 250<\/a><\/span><\/span>.<\/p>\n<p style=\"text-align: justify;\">Et n\u2019oubliez pas les socles pour vos microphones! Vous pouvez bien \u00e9videmment poser vos cam\u00e9ras co\u00fbteuses sur une pile de livres mais si elles venaient \u00e0 tomber, il ne faudra pas venir se plaindre (je vous aurais pr\u00e9venus!)<\/p>\n<h2 style=\"text-align: justify;\">4. La technologie qui relie le tout<\/h2>\n<p style=\"text-align: justify;\">Vous disposez \u00e0 pr\u00e9sent de microphones, d\u2019une interface audio, de cam\u00e9ras, de lumi\u00e8res et de socles. Votre service comptabilit\u00e9 (ou votre partenaire) se demande probablement \u201cc\u2019est enfin termin\u00e9?\u201d. Vous pouvez leur r\u00e9pondre: \u201cbient\u00f4t!\u201d.<br \/>\nL\u2019ultime \u00e9tape afin de finaliser votre installation consiste \u00e0 brancher le tout ensemble et \u00e0 s\u2019assurer que cela fonctionne. Pour cela, il y a un nombre infini de mani\u00e8res pour le faire mais vous avez besoin de deux choses essentielles: une interface cam\u00e9ra et un logiciel d\u2019enregistrement.<\/p>\n<h3 style=\"text-align: justify;\">L\u2019interface cam\u00e9ra<\/h3>\n<p style=\"text-align: justify;\">L\u2019interface cam\u00e9ra est l\u2019appareil qui vous permet de connecter de multiples cam\u00e9ras \u00e0 votre ordinateur. Cela vous garantit donc:<\/p>\n<p>&#8211; Un contr\u00f4le \u00e0 distance des cam\u00e9ras<\/p>\n<p>&#8211; Une possibilit\u00e9 de changer les angles de vue durant l\u2019enregistrement<\/p>\n<p>&#8211; Une r\u00e9duction du temps d\u00e9volu \u00e0 l\u2019\u00e9dition et au montage<\/p>\n<p style=\"text-align: justify;\">Une interface cam\u00e9ra n\u2019est pas n\u00e9cessaire si vous utilisez uniquement une cam\u00e9ra. Si, au contraire, vous avez plusieurs cam\u00e9ras, vous pouvez \u00e9galement enregistrer votre \u00e9mission en entier sur chaque appareil puis passer ensuite du temps \u00e0 diviser le montage avec un logiciel d\u2019\u00e9dition vid\u00e9o comme Adobe Premiere. Toutefois, cela prend beaucoup de temps et est impossible \u00e0 faire si vous souhaitez diffuser en streaming.<\/p>\n<p><img loading=\"lazy\" decoding=\"async\" class=\"aligncenter wp-image-2602 size-full\" src=\"https:\/\/www.audacia.co\/wp-content\/uploads\/2021\/07\/blackmagic-atem-mini.jpg\" alt=\"blackmagic-atem-mini-pro-podcast\" width=\"1040\" height=\"485\" srcset=\"https:\/\/www.audacia.co\/wp-content\/uploads\/2021\/07\/blackmagic-atem-mini.jpg 1040w, https:\/\/www.audacia.co\/wp-content\/uploads\/2021\/07\/blackmagic-atem-mini-300x140.jpg 300w, https:\/\/www.audacia.co\/wp-content\/uploads\/2021\/07\/blackmagic-atem-mini-1024x478.jpg 1024w, https:\/\/www.audacia.co\/wp-content\/uploads\/2021\/07\/blackmagic-atem-mini-768x358.jpg 768w\" sizes=\"auto, (max-width: 1040px) 100vw, 1040px\" \/><\/p>\n<p style=\"text-align: justify;\">Personnellement, nous utilisons le <span style=\"text-decoration: underline;\"><span style=\"color: #3a1def; text-decoration: underline;\"><a style=\"color: #3a1def; text-decoration: underline;\" href=\"https:\/\/www.digitec.ch\/de\/s1\/product\/blackmagic-atem-mini-pro-diverses-video-zubehoer-video-zubehoer-13067081?gclid=Cj0KCQjwh_eFBhDZARIsALHjIKeGZkywVqj57yeJK519fqpHEYtG5AeuKTM24gYJP72QoykL6Lahk8YaAkitEALw_wcB&amp;gclsrc=aw.ds\" target=\"_blank\" rel=\"nofollow noopener\">Blackmagic ATEM Mini Pro<\/a><\/span><\/span>. Avec l\u2019HDMI, le microphone, ethernet et les entr\u00e9es USB-C, le Blackmagic fonctionne comme dispositif central au sein de notre installation. Tout est branch\u00e9 \u00e0 ce dernier, des cam\u00e9ras aux microphones en passant par l\u2019ordinateur. Aussi, vous pouvez connecter un c\u00e2ble RJ45 directement \u00e0 l\u2019appareil, ce qui vous permet de faire du streaming avec une latence minimale. Les boutons du Blackmagic vous permettent de passer ais\u00e9ment d\u2019une cam\u00e9ra \u00e0 une autre afin d\u2019offrir \u00e0 vos spectateurs une exp\u00e9rience multi-cam\u00e9ras dynamique et de haute qualit\u00e9!<\/p>\n<h3 style=\"text-align: justify;\">Logiciel d\u2019enregistrement<\/h3>\n<p style=\"text-align: justify;\">T\u00e9l\u00e9chargez <span style=\"text-decoration: underline;\"><span style=\"color: #3a1def; text-decoration: underline;\"><a style=\"color: #3a1def; text-decoration: underline;\" href=\"https:\/\/obsproject.com\/\" target=\"_blank\" rel=\"nofollow noopener\">OBS<\/a><\/span><\/span>. Je pourrais \u00e9voquer d\u2019autres options comme Twitch Studio, XSplit et Wirecast mais aucune d\u2019elles sont gratuites et open source. \u00c9tant un grand fan de logiciel open source, je vous recommande vivement d\u2019utiliser OBS. Tr\u00e8s l\u00e9ger et facile \u00e0 installer, vous n\u2019avez pas besoin d\u2019autre chose pour que votre installation d\u00e9marre et soit op\u00e9rationnelle. Si vous d\u00e9sirez de l\u2019aide en configurant OBS, veuillez vous r\u00e9f\u00e9rer \u00e0 cette superbe <span style=\"text-decoration: underline;\"><span style=\"color: #3a1def; text-decoration: underline;\"><a style=\"color: #3a1def; text-decoration: underline;\" href=\"https:\/\/www.youtube.com\/watch?v=B6Q7yPU_M4g&amp;t=176s\" target=\"_blank\" rel=\"nofollow noopener\">vid\u00e9o<\/a><\/span><\/span> de Tom Buck qui, tout comme nous, utilise OBS avec un Blackmagic ATEM Mini Pro et un RODECaster.<\/p>\n<h2 style=\"text-align: justify;\">R\u00e9capitulatif et consid\u00e9rations finales<\/h2>\n<p style=\"text-align: justify;\">Vous \u00eates d\u00e9sormais en possession des outils n\u00e9cessaires pour cr\u00e9er d\u2019excellents podcasts, bravo! Veuillez noter que cet article ne contient aucun placement de produit provenant des marques mentionn\u00e9es (mais si elles veulent vraiment nous envoyer de l\u2019argent, elles peuvent sans autre me contacter afin que je leur transmette mon IBAN).<br \/>\nJ\u2019aimerais \u00e9galement vous rappeler de v\u00e9rifier deux fois que vous ayez tous les c\u00e2bles au moment de commander votre \u00e9quipement. N\u2019oubliez pas les c\u00e2bles HDMI pour les cam\u00e9ras et les c\u00e2bles AUX pour brancher votre RODECaster \u00e0 votre Blackmagic, si vous souhaitez le faire.<br \/>\nEnfin, gardez \u00e0 l\u2019esprit que les outils utilis\u00e9s pour filmer et enregistrer vos podcasts sont bien entendu importants, mais que rien ne remplace la qualit\u00e9 du contenu. Un microphone bien r\u00e9gl\u00e9 ne va ainsi jamais \u00e9clipser le contenu d\u2019une conversation ennuyeuse.<br \/>\n<strong>Bon enregistrement!<\/strong><\/p>\n<p>&nbsp;<\/p>\n<p><img loading=\"lazy\" decoding=\"async\" class=\"aligncenter wp-image-2451 size-full\" src=\"https:\/\/www.audacia.co\/wp-content\/uploads\/2021\/07\/podcast-room.jpg\" alt=\"audacia-bold-podcast-room\" width=\"960\" height=\"720\" srcset=\"https:\/\/www.audacia.co\/wp-content\/uploads\/2021\/07\/podcast-room.jpg 960w, https:\/\/www.audacia.co\/wp-content\/uploads\/2021\/07\/podcast-room-300x225.jpg 300w, https:\/\/www.audacia.co\/wp-content\/uploads\/2021\/07\/podcast-room-768x576.jpg 768w\" sizes=\"auto, (max-width: 960px) 100vw, 960px\" \/><\/p>\n","protected":false},"excerpt":{"rendered":"<p>Envie d&rsquo;enregistrer des podcasts de qualit\u00e9 premium? Voici nos conseils et recommandations pour am\u00e9nager la salle de podcast parfaite!<\/p>\n","protected":false},"author":3,"featured_media":2451,"comment_status":"closed","ping_status":"closed","sticky":false,"template":"","format":"standard","meta":{"inline_featured_image":false,"footnotes":""},"categories":[29,52],"tags":[],"class_list":["post-2611","post","type-post","status-publish","format-standard","has-post-thumbnail","hentry","category-entreprise","category-podcast-2"],"yoast_head":"<!-- This site is optimized with the Yoast SEO plugin v27.4 - https:\/\/yoast.com\/product\/yoast-seo-wordpress\/ -->\n<title>Les 4 aspects \u00e0 prendre en compte pour cr\u00e9er votre salle de podcast<\/title>\n<meta name=\"description\" content=\"Envie d&#039;enregistrer des podcasts de qualit\u00e9 premium? Voici nos conseils et recommandations pour am\u00e9nager la salle de podcast parfaite!\" \/>\n<meta name=\"robots\" content=\"index, follow, max-snippet:-1, max-image-preview:large, max-video-preview:-1\" \/>\n<link rel=\"canonical\" href=\"https:\/\/www.audacia.co\/fr\/blog\/4-aspects-a-prendre-en-compte-pour-creer-une-salle-de-podcast-audio-video\/\" \/>\n<meta property=\"og:locale\" content=\"fr_FR\" \/>\n<meta property=\"og:type\" content=\"article\" \/>\n<meta property=\"og:title\" content=\"Les 4 aspects \u00e0 prendre en compte pour cr\u00e9er votre salle de podcast\" \/>\n<meta property=\"og:description\" content=\"Envie d&#039;enregistrer des podcasts de qualit\u00e9 premium? Voici nos conseils et recommandations pour am\u00e9nager la salle de podcast parfaite!\" \/>\n<meta property=\"og:url\" content=\"https:\/\/www.audacia.co\/fr\/blog\/4-aspects-a-prendre-en-compte-pour-creer-une-salle-de-podcast-audio-video\/\" \/>\n<meta property=\"og:site_name\" content=\"Audacia Group\" \/>\n<meta property=\"article:published_time\" content=\"2021-07-27T14:12:06+00:00\" \/>\n<meta property=\"article:modified_time\" content=\"2022-10-31T12:31:37+00:00\" \/>\n<meta property=\"og:image\" content=\"https:\/\/www.audacia.co\/wp-content\/uploads\/2021\/07\/podcast-room.jpg\" \/>\n\t<meta property=\"og:image:width\" content=\"960\" \/>\n\t<meta property=\"og:image:height\" content=\"720\" \/>\n\t<meta property=\"og:image:type\" content=\"image\/jpeg\" \/>\n<meta name=\"author\" content=\"Adrien Jacqu\u00e9rioz\" \/>\n<meta name=\"twitter:card\" content=\"summary_large_image\" \/>\n<meta name=\"twitter:label1\" content=\"\u00c9crit par\" \/>\n\t<meta name=\"twitter:data1\" content=\"Adrien Jacqu\u00e9rioz\" \/>\n\t<meta name=\"twitter:label2\" content=\"Dur\u00e9e de lecture estim\u00e9e\" \/>\n\t<meta name=\"twitter:data2\" content=\"11 minutes\" \/>\n<script type=\"application\/ld+json\" class=\"yoast-schema-graph\">{\"@context\":\"https:\\\/\\\/schema.org\",\"@graph\":[{\"@type\":\"Article\",\"@id\":\"https:\\\/\\\/www.audacia.co\\\/fr\\\/blog\\\/4-aspects-a-prendre-en-compte-pour-creer-une-salle-de-podcast-audio-video\\\/#article\",\"isPartOf\":{\"@id\":\"https:\\\/\\\/www.audacia.co\\\/fr\\\/blog\\\/4-aspects-a-prendre-en-compte-pour-creer-une-salle-de-podcast-audio-video\\\/\"},\"author\":{\"name\":\"Adrien Jacqu\u00e9rioz\",\"@id\":\"https:\\\/\\\/www.audacia.co\\\/#\\\/schema\\\/person\\\/762e681bbe3a9bd0b366cfee66e71c4a\"},\"headline\":\"Les 4 aspects \u00e0 prendre en compte pour cr\u00e9er la salle de podcast parfaite\",\"datePublished\":\"2021-07-27T14:12:06+00:00\",\"dateModified\":\"2022-10-31T12:31:37+00:00\",\"mainEntityOfPage\":{\"@id\":\"https:\\\/\\\/www.audacia.co\\\/fr\\\/blog\\\/4-aspects-a-prendre-en-compte-pour-creer-une-salle-de-podcast-audio-video\\\/\"},\"wordCount\":2506,\"publisher\":{\"@id\":\"https:\\\/\\\/www.audacia.co\\\/#organization\"},\"image\":{\"@id\":\"https:\\\/\\\/www.audacia.co\\\/fr\\\/blog\\\/4-aspects-a-prendre-en-compte-pour-creer-une-salle-de-podcast-audio-video\\\/#primaryimage\"},\"thumbnailUrl\":\"https:\\\/\\\/www.audacia.co\\\/wp-content\\\/uploads\\\/2021\\\/07\\\/podcast-room.jpg\",\"articleSection\":[\"Entreprise\",\"Podcast\"],\"inLanguage\":\"fr-FR\"},{\"@type\":\"WebPage\",\"@id\":\"https:\\\/\\\/www.audacia.co\\\/fr\\\/blog\\\/4-aspects-a-prendre-en-compte-pour-creer-une-salle-de-podcast-audio-video\\\/\",\"url\":\"https:\\\/\\\/www.audacia.co\\\/fr\\\/blog\\\/4-aspects-a-prendre-en-compte-pour-creer-une-salle-de-podcast-audio-video\\\/\",\"name\":\"Les 4 aspects \u00e0 prendre en compte pour cr\u00e9er votre salle de podcast\",\"isPartOf\":{\"@id\":\"https:\\\/\\\/www.audacia.co\\\/#website\"},\"primaryImageOfPage\":{\"@id\":\"https:\\\/\\\/www.audacia.co\\\/fr\\\/blog\\\/4-aspects-a-prendre-en-compte-pour-creer-une-salle-de-podcast-audio-video\\\/#primaryimage\"},\"image\":{\"@id\":\"https:\\\/\\\/www.audacia.co\\\/fr\\\/blog\\\/4-aspects-a-prendre-en-compte-pour-creer-une-salle-de-podcast-audio-video\\\/#primaryimage\"},\"thumbnailUrl\":\"https:\\\/\\\/www.audacia.co\\\/wp-content\\\/uploads\\\/2021\\\/07\\\/podcast-room.jpg\",\"datePublished\":\"2021-07-27T14:12:06+00:00\",\"dateModified\":\"2022-10-31T12:31:37+00:00\",\"description\":\"Envie d'enregistrer des podcasts de qualit\u00e9 premium? Voici nos conseils et recommandations pour am\u00e9nager la salle de podcast parfaite!\",\"breadcrumb\":{\"@id\":\"https:\\\/\\\/www.audacia.co\\\/fr\\\/blog\\\/4-aspects-a-prendre-en-compte-pour-creer-une-salle-de-podcast-audio-video\\\/#breadcrumb\"},\"inLanguage\":\"fr-FR\",\"potentialAction\":[{\"@type\":\"ReadAction\",\"target\":[\"https:\\\/\\\/www.audacia.co\\\/fr\\\/blog\\\/4-aspects-a-prendre-en-compte-pour-creer-une-salle-de-podcast-audio-video\\\/\"]}]},{\"@type\":\"ImageObject\",\"inLanguage\":\"fr-FR\",\"@id\":\"https:\\\/\\\/www.audacia.co\\\/fr\\\/blog\\\/4-aspects-a-prendre-en-compte-pour-creer-une-salle-de-podcast-audio-video\\\/#primaryimage\",\"url\":\"https:\\\/\\\/www.audacia.co\\\/wp-content\\\/uploads\\\/2021\\\/07\\\/podcast-room.jpg\",\"contentUrl\":\"https:\\\/\\\/www.audacia.co\\\/wp-content\\\/uploads\\\/2021\\\/07\\\/podcast-room.jpg\",\"width\":960,\"height\":720,\"caption\":\"audacia-bold-podcast-room\"},{\"@type\":\"BreadcrumbList\",\"@id\":\"https:\\\/\\\/www.audacia.co\\\/fr\\\/blog\\\/4-aspects-a-prendre-en-compte-pour-creer-une-salle-de-podcast-audio-video\\\/#breadcrumb\",\"itemListElement\":[{\"@type\":\"ListItem\",\"position\":1,\"name\":\"Home\",\"item\":\"https:\\\/\\\/www.audacia.co\\\/fr\\\/audacia-group-homepage\\\/\"},{\"@type\":\"ListItem\",\"position\":2,\"name\":\"Les 4 aspects \u00e0 prendre en compte pour cr\u00e9er la salle de podcast parfaite\"}]},{\"@type\":\"WebSite\",\"@id\":\"https:\\\/\\\/www.audacia.co\\\/#website\",\"url\":\"https:\\\/\\\/www.audacia.co\\\/\",\"name\":\"Audacia Group\",\"description\":\"Founded in 2018 by Alexandre Bonvin, the Audacia Group brings together promising online companies in Sion (VS) and improve their profitability and customer service.\",\"publisher\":{\"@id\":\"https:\\\/\\\/www.audacia.co\\\/#organization\"},\"potentialAction\":[{\"@type\":\"SearchAction\",\"target\":{\"@type\":\"EntryPoint\",\"urlTemplate\":\"https:\\\/\\\/www.audacia.co\\\/?s={search_term_string}\"},\"query-input\":{\"@type\":\"PropertyValueSpecification\",\"valueRequired\":true,\"valueName\":\"search_term_string\"}}],\"inLanguage\":\"fr-FR\"},{\"@type\":\"Organization\",\"@id\":\"https:\\\/\\\/www.audacia.co\\\/#organization\",\"name\":\"Audacia Group\",\"url\":\"https:\\\/\\\/www.audacia.co\\\/\",\"logo\":{\"@type\":\"ImageObject\",\"inLanguage\":\"fr-FR\",\"@id\":\"https:\\\/\\\/www.audacia.co\\\/#\\\/schema\\\/logo\\\/image\\\/\",\"url\":\"https:\\\/\\\/www.audacia.co\\\/wp-content\\\/uploads\\\/2020\\\/12\\\/favicon.png\",\"contentUrl\":\"https:\\\/\\\/www.audacia.co\\\/wp-content\\\/uploads\\\/2020\\\/12\\\/favicon.png\",\"width\":512,\"height\":512,\"caption\":\"Audacia Group\"},\"image\":{\"@id\":\"https:\\\/\\\/www.audacia.co\\\/#\\\/schema\\\/logo\\\/image\\\/\"},\"sameAs\":[\"https:\\\/\\\/ch.linkedin.com\\\/company\\\/audacia-group\",\"https:\\\/\\\/www.instagram.com\\\/audacia_group\\\/?hl=fr\",\"https:\\\/\\\/www.youtube.com\\\/channel\\\/UChJ1W5T__cUmoj50C4489yA\\\/discussion\",\"https:\\\/\\\/open.spotify.com\\\/show\\\/73qmEvTngXLlFf4UkBLKEU\",\"https:\\\/\\\/www.tiktok.com\\\/@audacia_group\"]},{\"@type\":\"Person\",\"@id\":\"https:\\\/\\\/www.audacia.co\\\/#\\\/schema\\\/person\\\/762e681bbe3a9bd0b366cfee66e71c4a\",\"name\":\"Adrien Jacqu\u00e9rioz\",\"image\":{\"@type\":\"ImageObject\",\"inLanguage\":\"fr-FR\",\"@id\":\"https:\\\/\\\/secure.gravatar.com\\\/avatar\\\/131e71a8fe42b64a563257ee2ed6fd1e2eb01616dc1208a3e1c1d5070d1163d1?s=96&d=mm&r=g\",\"url\":\"https:\\\/\\\/secure.gravatar.com\\\/avatar\\\/131e71a8fe42b64a563257ee2ed6fd1e2eb01616dc1208a3e1c1d5070d1163d1?s=96&d=mm&r=g\",\"contentUrl\":\"https:\\\/\\\/secure.gravatar.com\\\/avatar\\\/131e71a8fe42b64a563257ee2ed6fd1e2eb01616dc1208a3e1c1d5070d1163d1?s=96&d=mm&r=g\",\"caption\":\"Adrien Jacqu\u00e9rioz\"},\"description\":\"Content, Communication &amp; RP at Audacia Group With a bachelor's and master's degree in linguistics and communication, Adrien has had the opportunity to work as a redactor, freelance journalist and web journalist. He's now Content, Communication and RP Manager at Audacia Group, where he writes content and manages communication for both the Group and some acquired brands.\",\"sameAs\":[\"https:\\\/\\\/www.linkedin.com\\\/in\\\/adrien-jacqurioz-0381a2198\\\/\"],\"url\":\"https:\\\/\\\/www.audacia.co\\\/fr\\\/blog\\\/author\\\/adrien-jacquerioz\\\/\"}]}<\/script>\n<!-- \/ Yoast SEO plugin. -->","yoast_head_json":{"title":"Les 4 aspects \u00e0 prendre en compte pour cr\u00e9er votre salle de podcast","description":"Envie d'enregistrer des podcasts de qualit\u00e9 premium? Voici nos conseils et recommandations pour am\u00e9nager la salle de podcast parfaite!","robots":{"index":"index","follow":"follow","max-snippet":"max-snippet:-1","max-image-preview":"max-image-preview:large","max-video-preview":"max-video-preview:-1"},"canonical":"https:\/\/www.audacia.co\/fr\/blog\/4-aspects-a-prendre-en-compte-pour-creer-une-salle-de-podcast-audio-video\/","og_locale":"fr_FR","og_type":"article","og_title":"Les 4 aspects \u00e0 prendre en compte pour cr\u00e9er votre salle de podcast","og_description":"Envie d'enregistrer des podcasts de qualit\u00e9 premium? Voici nos conseils et recommandations pour am\u00e9nager la salle de podcast parfaite!","og_url":"https:\/\/www.audacia.co\/fr\/blog\/4-aspects-a-prendre-en-compte-pour-creer-une-salle-de-podcast-audio-video\/","og_site_name":"Audacia Group","article_published_time":"2021-07-27T14:12:06+00:00","article_modified_time":"2022-10-31T12:31:37+00:00","og_image":[{"width":960,"height":720,"url":"https:\/\/www.audacia.co\/wp-content\/uploads\/2021\/07\/podcast-room.jpg","type":"image\/jpeg"}],"author":"Adrien Jacqu\u00e9rioz","twitter_card":"summary_large_image","twitter_misc":{"\u00c9crit par":"Adrien Jacqu\u00e9rioz","Dur\u00e9e de lecture estim\u00e9e":"11 minutes"},"schema":{"@context":"https:\/\/schema.org","@graph":[{"@type":"Article","@id":"https:\/\/www.audacia.co\/fr\/blog\/4-aspects-a-prendre-en-compte-pour-creer-une-salle-de-podcast-audio-video\/#article","isPartOf":{"@id":"https:\/\/www.audacia.co\/fr\/blog\/4-aspects-a-prendre-en-compte-pour-creer-une-salle-de-podcast-audio-video\/"},"author":{"name":"Adrien Jacqu\u00e9rioz","@id":"https:\/\/www.audacia.co\/#\/schema\/person\/762e681bbe3a9bd0b366cfee66e71c4a"},"headline":"Les 4 aspects \u00e0 prendre en compte pour cr\u00e9er la salle de podcast parfaite","datePublished":"2021-07-27T14:12:06+00:00","dateModified":"2022-10-31T12:31:37+00:00","mainEntityOfPage":{"@id":"https:\/\/www.audacia.co\/fr\/blog\/4-aspects-a-prendre-en-compte-pour-creer-une-salle-de-podcast-audio-video\/"},"wordCount":2506,"publisher":{"@id":"https:\/\/www.audacia.co\/#organization"},"image":{"@id":"https:\/\/www.audacia.co\/fr\/blog\/4-aspects-a-prendre-en-compte-pour-creer-une-salle-de-podcast-audio-video\/#primaryimage"},"thumbnailUrl":"https:\/\/www.audacia.co\/wp-content\/uploads\/2021\/07\/podcast-room.jpg","articleSection":["Entreprise","Podcast"],"inLanguage":"fr-FR"},{"@type":"WebPage","@id":"https:\/\/www.audacia.co\/fr\/blog\/4-aspects-a-prendre-en-compte-pour-creer-une-salle-de-podcast-audio-video\/","url":"https:\/\/www.audacia.co\/fr\/blog\/4-aspects-a-prendre-en-compte-pour-creer-une-salle-de-podcast-audio-video\/","name":"Les 4 aspects \u00e0 prendre en compte pour cr\u00e9er votre salle de podcast","isPartOf":{"@id":"https:\/\/www.audacia.co\/#website"},"primaryImageOfPage":{"@id":"https:\/\/www.audacia.co\/fr\/blog\/4-aspects-a-prendre-en-compte-pour-creer-une-salle-de-podcast-audio-video\/#primaryimage"},"image":{"@id":"https:\/\/www.audacia.co\/fr\/blog\/4-aspects-a-prendre-en-compte-pour-creer-une-salle-de-podcast-audio-video\/#primaryimage"},"thumbnailUrl":"https:\/\/www.audacia.co\/wp-content\/uploads\/2021\/07\/podcast-room.jpg","datePublished":"2021-07-27T14:12:06+00:00","dateModified":"2022-10-31T12:31:37+00:00","description":"Envie d'enregistrer des podcasts de qualit\u00e9 premium? Voici nos conseils et recommandations pour am\u00e9nager la salle de podcast parfaite!","breadcrumb":{"@id":"https:\/\/www.audacia.co\/fr\/blog\/4-aspects-a-prendre-en-compte-pour-creer-une-salle-de-podcast-audio-video\/#breadcrumb"},"inLanguage":"fr-FR","potentialAction":[{"@type":"ReadAction","target":["https:\/\/www.audacia.co\/fr\/blog\/4-aspects-a-prendre-en-compte-pour-creer-une-salle-de-podcast-audio-video\/"]}]},{"@type":"ImageObject","inLanguage":"fr-FR","@id":"https:\/\/www.audacia.co\/fr\/blog\/4-aspects-a-prendre-en-compte-pour-creer-une-salle-de-podcast-audio-video\/#primaryimage","url":"https:\/\/www.audacia.co\/wp-content\/uploads\/2021\/07\/podcast-room.jpg","contentUrl":"https:\/\/www.audacia.co\/wp-content\/uploads\/2021\/07\/podcast-room.jpg","width":960,"height":720,"caption":"audacia-bold-podcast-room"},{"@type":"BreadcrumbList","@id":"https:\/\/www.audacia.co\/fr\/blog\/4-aspects-a-prendre-en-compte-pour-creer-une-salle-de-podcast-audio-video\/#breadcrumb","itemListElement":[{"@type":"ListItem","position":1,"name":"Home","item":"https:\/\/www.audacia.co\/fr\/audacia-group-homepage\/"},{"@type":"ListItem","position":2,"name":"Les 4 aspects \u00e0 prendre en compte pour cr\u00e9er la salle de podcast parfaite"}]},{"@type":"WebSite","@id":"https:\/\/www.audacia.co\/#website","url":"https:\/\/www.audacia.co\/","name":"Audacia Group","description":"Founded in 2018 by Alexandre Bonvin, the Audacia Group brings together promising online companies in Sion (VS) and improve their profitability and customer service.","publisher":{"@id":"https:\/\/www.audacia.co\/#organization"},"potentialAction":[{"@type":"SearchAction","target":{"@type":"EntryPoint","urlTemplate":"https:\/\/www.audacia.co\/?s={search_term_string}"},"query-input":{"@type":"PropertyValueSpecification","valueRequired":true,"valueName":"search_term_string"}}],"inLanguage":"fr-FR"},{"@type":"Organization","@id":"https:\/\/www.audacia.co\/#organization","name":"Audacia Group","url":"https:\/\/www.audacia.co\/","logo":{"@type":"ImageObject","inLanguage":"fr-FR","@id":"https:\/\/www.audacia.co\/#\/schema\/logo\/image\/","url":"https:\/\/www.audacia.co\/wp-content\/uploads\/2020\/12\/favicon.png","contentUrl":"https:\/\/www.audacia.co\/wp-content\/uploads\/2020\/12\/favicon.png","width":512,"height":512,"caption":"Audacia Group"},"image":{"@id":"https:\/\/www.audacia.co\/#\/schema\/logo\/image\/"},"sameAs":["https:\/\/ch.linkedin.com\/company\/audacia-group","https:\/\/www.instagram.com\/audacia_group\/?hl=fr","https:\/\/www.youtube.com\/channel\/UChJ1W5T__cUmoj50C4489yA\/discussion","https:\/\/open.spotify.com\/show\/73qmEvTngXLlFf4UkBLKEU","https:\/\/www.tiktok.com\/@audacia_group"]},{"@type":"Person","@id":"https:\/\/www.audacia.co\/#\/schema\/person\/762e681bbe3a9bd0b366cfee66e71c4a","name":"Adrien Jacqu\u00e9rioz","image":{"@type":"ImageObject","inLanguage":"fr-FR","@id":"https:\/\/secure.gravatar.com\/avatar\/131e71a8fe42b64a563257ee2ed6fd1e2eb01616dc1208a3e1c1d5070d1163d1?s=96&d=mm&r=g","url":"https:\/\/secure.gravatar.com\/avatar\/131e71a8fe42b64a563257ee2ed6fd1e2eb01616dc1208a3e1c1d5070d1163d1?s=96&d=mm&r=g","contentUrl":"https:\/\/secure.gravatar.com\/avatar\/131e71a8fe42b64a563257ee2ed6fd1e2eb01616dc1208a3e1c1d5070d1163d1?s=96&d=mm&r=g","caption":"Adrien Jacqu\u00e9rioz"},"description":"Content, Communication &amp; RP at Audacia Group With a bachelor's and master's degree in linguistics and communication, Adrien has had the opportunity to work as a redactor, freelance journalist and web journalist. He's now Content, Communication and RP Manager at Audacia Group, where he writes content and manages communication for both the Group and some acquired brands.","sameAs":["https:\/\/www.linkedin.com\/in\/adrien-jacqurioz-0381a2198\/"],"url":"https:\/\/www.audacia.co\/fr\/blog\/author\/adrien-jacquerioz\/"}]}},"_links":{"self":[{"href":"https:\/\/www.audacia.co\/fr\/wp-json\/wp\/v2\/posts\/2611","targetHints":{"allow":["GET"]}}],"collection":[{"href":"https:\/\/www.audacia.co\/fr\/wp-json\/wp\/v2\/posts"}],"about":[{"href":"https:\/\/www.audacia.co\/fr\/wp-json\/wp\/v2\/types\/post"}],"author":[{"embeddable":true,"href":"https:\/\/www.audacia.co\/fr\/wp-json\/wp\/v2\/users\/3"}],"replies":[{"embeddable":true,"href":"https:\/\/www.audacia.co\/fr\/wp-json\/wp\/v2\/comments?post=2611"}],"version-history":[{"count":9,"href":"https:\/\/www.audacia.co\/fr\/wp-json\/wp\/v2\/posts\/2611\/revisions"}],"predecessor-version":[{"id":4494,"href":"https:\/\/www.audacia.co\/fr\/wp-json\/wp\/v2\/posts\/2611\/revisions\/4494"}],"wp:featuredmedia":[{"embeddable":true,"href":"https:\/\/www.audacia.co\/fr\/wp-json\/wp\/v2\/media\/2451"}],"wp:attachment":[{"href":"https:\/\/www.audacia.co\/fr\/wp-json\/wp\/v2\/media?parent=2611"}],"wp:term":[{"taxonomy":"category","embeddable":true,"href":"https:\/\/www.audacia.co\/fr\/wp-json\/wp\/v2\/categories?post=2611"},{"taxonomy":"post_tag","embeddable":true,"href":"https:\/\/www.audacia.co\/fr\/wp-json\/wp\/v2\/tags?post=2611"}],"curies":[{"name":"wp","href":"https:\/\/api.w.org\/{rel}","templated":true}]}}